{"id":6728,"date":"2025-08-12T12:45:32","date_gmt":"2025-08-12T10:45:32","guid":{"rendered":"https:\/\/www.prinas.de\/b2b\/?p=6728"},"modified":"2025-08-12T12:55:42","modified_gmt":"2025-08-12T10:55:42","slug":"prinas-montan-mit-top-100-award-ausgezeichnet","status":"publish","type":"post","link":"https:\/\/www.prinas.de\/b2b\/prinas-montan-mit-top-100-award-ausgezeichnet\/","title":{"rendered":"PRINAS MONTAN mit TOP 100-Award ausgezeichnet"},"content":{"rendered":"[vc_row type=&#8220;in_container&#8220; full_screen_row_position=&#8220;middle&#8220; column_margin=&#8220;default&#8220; column_direction=&#8220;default&#8220; column_direction_tablet=&#8220;default&#8220; column_direction_phone=&#8220;default&#8220; scene_position=&#8220;center&#8220; text_color=&#8220;dark&#8220; text_align=&#8220;left&#8220; row_border_radius=&#8220;none&#8220; row_border_radius_applies=&#8220;bg&#8220; overflow=&#8220;visible&#8220; overlay_strength=&#8220;0.3&#8243; gradient_direction=&#8220;left_to_right&#8220; shape_divider_position=&#8220;bottom&#8220; bg_image_animation=&#8220;none&#8220;][vc_column column_padding=&#8220;no-extra-padding&#8220; column_padding_tablet=&#8220;inherit&#8220; column_padding_phone=&#8220;inherit&#8220; column_padding_position=&#8220;all&#8220; column_element_spacing=&#8220;default&#8220; background_color_opacity=&#8220;1&#8243; background_hover_color_opacity=&#8220;1&#8243; column_shadow=&#8220;none&#8220; column_border_radius=&#8220;none&#8220; column_link_target=&#8220;_self&#8220; column_position=&#8220;default&#8220; gradient_direction=&#8220;left_to_right&#8220; overlay_strength=&#8220;0.3&#8243; width=&#8220;1\/1&#8243; tablet_width_inherit=&#8220;default&#8220; tablet_text_alignment=&#8220;default&#8220; phone_text_alignment=&#8220;default&#8220; animation_type=&#8220;default&#8220; bg_image_animation=&#8220;none&#8220; border_type=&#8220;simple&#8220; column_border_width=&#8220;none&#8220; column_border_style=&#8220;solid&#8220;][divider line_type=&#8220;No Line&#8220;][nectar_highlighted_text color_type=&#8220;regular&#8220; highlight_color=&#8220;#084986&#8243; text_color=&#8220;#084986&#8243; style=&#8220;full_text&#8220; highlight_expansion=&#8220;default&#8220;]\n<h2 style=\"text-align: center;\">PRINAS MONTAN mit TOP 100-Award ausgezeichnet<\/h2>\n[\/nectar_highlighted_text][divider line_type=&#8220;No Line&#8220; custom_height=&#8220;50&#8243;][vc_column_text]Essen \u2013 Die PRINAS MONTAN GmbH Versicherungsvermittler aus Essen hat sich beim Innovationswettbewerb TOP 100 durchgesetzt und tr\u00e4gt ab sofort das TOP 100-Siegel 2025. Den Award erhalten nur besonders innovative mittelst\u00e4ndische Unternehmen. Der Wissenschaftsjournalist Ranga Yogeshwar wird PRINAS MONTAN bei der Preisverleihung am 27. Juni in Mainz pers\u00f6nlich zu diesem Erfolg gratulieren. Er begleitet den Innovationswettbewerb TOP 100 als Mentor.<\/p>\n<p>Grundlage von TOP 100 ist ein wissenschaftliches Auswahlverfahren, das der Innovationsforscher Prof. Dr. Nikolaus Franke leitet. Im Auftrag von compamedia, dem Veranstalter des Wettbewerbs, analysierten er und sein Team die Innovationsst\u00e4rke der Teilnehmer anhand von mehr als 100 Pr\u00fcfkriterien, die sich in f\u00fcnf Kategorien gliederten: Innovationsf\u00f6rderndes Top-Management, Innovationsklima, Innovative Prozesse und Organisation, Au\u00dfenorientierung\/Open Innovation sowie Innovationserfolg.<\/p>\n<p>Im Kern geht es bei der TOP 100-Analyse darum, ob Innovationen das Ergebnis eines strukturierten Innovationsmanagements in den Unternehmen sind \u2013 oder ob sie eher zuf\u00e4llig entstehen (die Pr\u00fcfkriterien sind unter www.top100.de\/pruefkriterien einsehbar). \u201eInnovation hei\u00dft Agieren anstatt Reagieren\u201c, sagt Franke, \u201ees bedeutet, die Zukunft aktiv zu gestalten, anstatt zu hoffen, dass sich nichts \u00e4ndert.\u201c<\/p>\n<p>PRINAS MONTAN GmbH Versicherungsvermittler geh\u00f6rt zum ersten Mal zu den Top-Innovatoren. Das Unternehmen ist in der Versicherungsbranche als Versicherungsvermittler t\u00e4tig. Die Firma hat sich dabei vor allem im Bereich Vermittlung von Versicherungen an Mitarbeiterinnen und Mitarbeiter von Gro\u00dfkonzernen einen Namen gemacht. Das Unternehmen bietet heute ma\u00dfgeschneiderte Versicherungsl\u00f6sungen f\u00fcr Privat- und Firmenkunden an.<\/p>\n<p><em>\u201eUnser Anspruch ist es, als Vorreiter in der Versicherungsbranche mit innovativen Beratungsans\u00e4tzen und Prozessen die Versicherungsvermittlung der Zukunft bereits heute zu gestalten. Die Auszeichnung mit dem Top 100-Award unterstreicht unseren konsequenten Fokus auf die Entwicklung neuer Beratungskonzepte und best\u00e4tigt uns in unserem Engagement.\u201c<\/em><br \/>\nsagt Dr. Mario Herz, Gesch\u00e4ftsf\u00fchrer bei PRINAS MONTAN.<\/p>\n<p><em>\u00a0<\/em><em>\u00a0<\/em><em>\u201eJede Mitarbeiterin und jeder Mitarbeiter kann wertvolle Ideen einbringen, die geh\u00f6rt und gesch\u00e4tzt werden. Dieser offene Kommunikations- und Innovationsgedanke ist ein zentraler Bestandteil unserer Unternehmenskultur. Nur gemeinsam k\u00f6nnen wir unsere Services kontinuierlich verbessern \u2013 dass uns dies so erfolgreich gelingt, zeigt sich auch in unserem herausragenden Abschneiden bei diesem Wettbewerb. Darauf sind wir stolz.\u201c<br \/>\n<\/em>erg\u00e4nzt Marwyn Hoeschel, Manager Marketing und Unternehmenskommunikation bei PRINAS MONTAN.<\/p>\n<p>Um allen Teilnehmern die gleichen Chancen zu erm\u00f6glichen, wird das TOP 100-Siegel stets in drei Gr\u00f6\u00dfenklassen vergeben: bis 50, 51 bis 200 und mehr als 200 Mitarbeiter. In der aktuellen Runde \u2013 TOP 100 findet bereits seit 32 Jahren statt \u2013 bewarben sich 364 Mittelst\u00e4ndler. Davon waren 262 erfolgreich und f\u00fchren seit 1. Februar das TOP 100-Siegel 2025. Maximal k\u00f6nnen 100 Unternehmen pro Gr\u00f6\u00dfenklasse ausgezeichnet werden.<\/p>\n<p>Am 27. Juni kommen alle Top-Innovatoren des Jahres 2025 in der Rheingoldhalle in Mainz zur Preisverleihung im Rahmen des Deutschen Mittelstands-Summit zusammen. Dort wird Ranga Yogeshwar ihnen zum Erfolg bei TOP 100 pers\u00f6nlich gratulieren.[\/vc_column_text][divider line_type=&#8220;No Line&#8220; custom_height=&#8220;50&#8243;][nectar_highlighted_text color_type=&#8220;regular&#8220; highlight_color=&#8220;#084986&#8243; text_color=&#8220;#084986&#8243; style=&#8220;full_text&#8220; highlight_expansion=&#8220;default&#8220;]\n<h2 style=\"text-align: center;\">\u00dcber PRINAS MONTAN<\/h2>\n[\/nectar_highlighted_text][divider line_type=&#8220;No Line&#8220;][vc_column_text]Die PRINAS MONTAN GmbH Versicherungsvermittler ist seit \u00fcber 65 Jahren erfolgreich als industrieller Makler t\u00e4tig. Das Unternehmen ist spezialisiert auf die Beratung, Betreuung und Vermittlung leistungsstarker Versicherungen an Belegschaften sowie Privatkunden von Unternehmen, Firmenkunden und Verb\u00e4nden.<\/p>\n<p>PRINAS MONTAN ist ein Unternehmen der GLOBAL GRUPPE.[\/vc_column_text][divider line_type=&#8220;No Line&#8220; custom_height=&#8220;50&#8243;][nectar_highlighted_text color_type=&#8220;regular&#8220; highlight_color=&#8220;#084986&#8243; text_color=&#8220;#084986&#8243; style=&#8220;full_text&#8220; highlight_expansion=&#8220;default&#8220;]\n<h2 style=\"text-align: center;\">\u00dcber TOP 100: Der Wettbewerb<\/h2>\n[\/nectar_highlighted_text][divider line_type=&#8220;No Line&#8220;][vc_column_text]Seit 1993 vergibt compamedia das TOP 100-Siegel f\u00fcr besondere Innovationskraft und \u00fcberdurchschnittliche Innovationserfolge an mittelst\u00e4ndische Unternehmen. Die wissenschaftliche Leitung liegt seit 2002 in den H\u00e4nden von Prof. Dr. Nikolaus Franke. Franke ist Gr\u00fcnder und Vorstand des Instituts f\u00fcr Entrepreneurship und Innovation der Wirtschaftsuniversit\u00e4t Wien. Mit 27 Forschungspreisen und u\u0308ber 200 Ver\u00f6ffentlichungen geh\u00f6rt er international zu den fu\u0308hrenden Innovationsforschern. Mentor von TOP 100 ist der Wissenschaftsjournalist Ranga Yogeshwar. Projektpartner sind die Fraunhofer-Gesellschaft zur F\u00f6rderung der angewandten Forschung und der Mittelstandsverband BVMW. Das Magazin manager magazin begleitet den Unternehmensvergleich als Medienpartner, ZEIT f\u00fcr Unternehmer ist Kooperationspartner.[\/vc_column_text][divider line_type=&#8220;No Line&#8220; custom_height=&#8220;50&#8243;][nectar_highlighted_text color_type=&#8220;regular&#8220; highlight_color=&#8220;#084986&#8243; text_color=&#8220;#084986&#8243; style=&#8220;full_text&#8220; highlight_expansion=&#8220;default&#8220;]\n<h2 style=\"text-align: center;\">Pressekontakt<\/h2>\n[\/nectar_highlighted_text][divider line_type=&#8220;No Line&#8220;][vc_column_text]Ansprechpartner PRINAS MONTAN GmbH Versicherungsvermittler<br \/>\nMarketing und Unternehmenskommunikation<\/p>\n<p>Susanne Langohr<br \/>\nTheodor-Heuss-Allee 74<br \/>\n60486 Frankfurt am Main<br \/>\n0201 89072 921<br \/>\nmarketing@prinas.de[\/vc_column_text][divider line_type=&#8220;No Line&#8220;][\/vc_column][\/vc_row]\n","protected":false},"excerpt":{"rendered":"<p>Der Award f\u00fcr besonders innovative mittelst\u00e4ndische Unternehmen.<\/p>\n","protected":false},"author":4,"featured_media":8309,"comment_status":"open","ping_status":"open","sticky":false,"template":"","format":"standard","meta":{"footnotes":""},"categories":[40],"tags":[],"class_list":{"0":"post-6728","1":"post","2":"type-post","3":"status-publish","4":"format-standard","5":"has-post-thumbnail","7":"category-presse"},"acf":[],"yoast_head":"<!-- This site is optimized with the Yoast SEO plugin v27.5 - https:\/\/yoast.com\/product\/yoast-seo-wordpress\/ -->\n<title>PRINAS MONTAN mit Top 100-Award ausgezeichnet<\/title>\n<meta name=\"description\" content=\"Mittelst\u00e4ndler \u00fcberzeugt im Innovationswettbewerb \/ Mehr als 100 Pr\u00fcfkriterien evaluiert \/ Im Juni folgt Preisverleihung mit Ranga Yogeshwar\" \/>\n<meta name=\"robots\" content=\"index, follow, max-snippet:-1, max-image-preview:large, max-video-preview:-1\" \/>\n<link rel=\"canonical\" href=\"https:\/\/www.prinas.de\/b2b\/prinas-montan-mit-top-100-award-ausgezeichnet\/\" \/>\n<meta property=\"og:locale\" content=\"de_DE\" \/>\n<meta property=\"og:type\" content=\"article\" \/>\n<meta property=\"og:title\" content=\"PRINAS MONTAN mit Top 100-Award ausgezeichnet\" \/>\n<meta property=\"og:description\" content=\"Mittelst\u00e4ndler \u00fcberzeugt im Innovationswettbewerb \/ Mehr als 100 Pr\u00fcfkriterien evaluiert \/ Im Juni folgt Preisverleihung mit Ranga Yogeshwar\" \/>\n<meta property=\"og:url\" content=\"https:\/\/www.prinas.de\/b2b\/prinas-montan-mit-top-100-award-ausgezeichnet\/\" \/>\n<meta property=\"og:site_name\" content=\"Prinas Montan\" \/>\n<meta property=\"article:published_time\" content=\"2025-08-12T10:45:32+00:00\" \/>\n<meta property=\"article:modified_time\" content=\"2025-08-12T10:55:42+00:00\" \/>\n<meta property=\"og:image\" content=\"https:\/\/www.prinas.de\/b2b\/wp-content\/uploads\/presse_adeolu-eletu-E7RLgUjjazc-unsplash-scaled-1.jpg\" \/>\n\t<meta property=\"og:image:width\" content=\"2560\" \/>\n\t<meta property=\"og:image:height\" content=\"1708\" \/>\n\t<meta property=\"og:image:type\" content=\"image\/jpeg\" \/>\n<meta name=\"author\" content=\"Susanne Langohr\" \/>\n<meta name=\"twitter:card\" content=\"summary_large_image\" \/>\n<meta name=\"twitter:label1\" content=\"Verfasst von\" \/>\n\t<meta name=\"twitter:data1\" content=\"Susanne Langohr\" \/>\n\t<meta name=\"twitter:label2\" content=\"Gesch\u00e4tzte Lesezeit\" \/>\n\t<meta name=\"twitter:data2\" content=\"5\u00a0Minuten\" \/>\n<script type=\"application\/ld+json\" class=\"yoast-schema-graph\">{\"@context\":\"https:\\\/\\\/schema.org\",\"@graph\":[{\"@type\":\"Article\",\"@id\":\"https:\\\/\\\/www.prinas.de\\\/b2b\\\/prinas-montan-mit-top-100-award-ausgezeichnet\\\/#article\",\"isPartOf\":{\"@id\":\"https:\\\/\\\/www.prinas.de\\\/b2b\\\/prinas-montan-mit-top-100-award-ausgezeichnet\\\/\"},\"author\":{\"name\":\"Susanne Langohr\",\"@id\":\"https:\\\/\\\/www.prinas.de\\\/b2b\\\/#\\\/schema\\\/person\\\/6f50afc3099075d627e92a817135c471\"},\"headline\":\"PRINAS MONTAN mit TOP 100-Award ausgezeichnet\",\"datePublished\":\"2025-08-12T10:45:32+00:00\",\"dateModified\":\"2025-08-12T10:55:42+00:00\",\"mainEntityOfPage\":{\"@id\":\"https:\\\/\\\/www.prinas.de\\\/b2b\\\/prinas-montan-mit-top-100-award-ausgezeichnet\\\/\"},\"wordCount\":927,\"commentCount\":0,\"image\":{\"@id\":\"https:\\\/\\\/www.prinas.de\\\/b2b\\\/prinas-montan-mit-top-100-award-ausgezeichnet\\\/#primaryimage\"},\"thumbnailUrl\":\"https:\\\/\\\/www.prinas.de\\\/b2b\\\/wp-content\\\/uploads\\\/presse_adeolu-eletu-E7RLgUjjazc-unsplash-scaled-1.jpg\",\"articleSection\":[\"Pressemitteilungen\"],\"inLanguage\":\"de\",\"potentialAction\":[{\"@type\":\"CommentAction\",\"name\":\"Comment\",\"target\":[\"https:\\\/\\\/www.prinas.de\\\/b2b\\\/prinas-montan-mit-top-100-award-ausgezeichnet\\\/#respond\"]}]},{\"@type\":\"WebPage\",\"@id\":\"https:\\\/\\\/www.prinas.de\\\/b2b\\\/prinas-montan-mit-top-100-award-ausgezeichnet\\\/\",\"url\":\"https:\\\/\\\/www.prinas.de\\\/b2b\\\/prinas-montan-mit-top-100-award-ausgezeichnet\\\/\",\"name\":\"PRINAS MONTAN mit Top 100-Award ausgezeichnet\",\"isPartOf\":{\"@id\":\"https:\\\/\\\/www.prinas.de\\\/b2b\\\/#website\"},\"primaryImageOfPage\":{\"@id\":\"https:\\\/\\\/www.prinas.de\\\/b2b\\\/prinas-montan-mit-top-100-award-ausgezeichnet\\\/#primaryimage\"},\"image\":{\"@id\":\"https:\\\/\\\/www.prinas.de\\\/b2b\\\/prinas-montan-mit-top-100-award-ausgezeichnet\\\/#primaryimage\"},\"thumbnailUrl\":\"https:\\\/\\\/www.prinas.de\\\/b2b\\\/wp-content\\\/uploads\\\/presse_adeolu-eletu-E7RLgUjjazc-unsplash-scaled-1.jpg\",\"datePublished\":\"2025-08-12T10:45:32+00:00\",\"dateModified\":\"2025-08-12T10:55:42+00:00\",\"author\":{\"@id\":\"https:\\\/\\\/www.prinas.de\\\/b2b\\\/#\\\/schema\\\/person\\\/6f50afc3099075d627e92a817135c471\"},\"description\":\"Mittelst\u00e4ndler \u00fcberzeugt im Innovationswettbewerb \\\/ Mehr als 100 Pr\u00fcfkriterien evaluiert \\\/ Im Juni folgt Preisverleihung mit Ranga Yogeshwar\",\"breadcrumb\":{\"@id\":\"https:\\\/\\\/www.prinas.de\\\/b2b\\\/prinas-montan-mit-top-100-award-ausgezeichnet\\\/#breadcrumb\"},\"inLanguage\":\"de\",\"potentialAction\":[{\"@type\":\"ReadAction\",\"target\":[\"https:\\\/\\\/www.prinas.de\\\/b2b\\\/prinas-montan-mit-top-100-award-ausgezeichnet\\\/\"]}]},{\"@type\":\"ImageObject\",\"inLanguage\":\"de\",\"@id\":\"https:\\\/\\\/www.prinas.de\\\/b2b\\\/prinas-montan-mit-top-100-award-ausgezeichnet\\\/#primaryimage\",\"url\":\"https:\\\/\\\/www.prinas.de\\\/b2b\\\/wp-content\\\/uploads\\\/presse_adeolu-eletu-E7RLgUjjazc-unsplash-scaled-1.jpg\",\"contentUrl\":\"https:\\\/\\\/www.prinas.de\\\/b2b\\\/wp-content\\\/uploads\\\/presse_adeolu-eletu-E7RLgUjjazc-unsplash-scaled-1.jpg\",\"width\":2560,\"height\":1708},{\"@type\":\"BreadcrumbList\",\"@id\":\"https:\\\/\\\/www.prinas.de\\\/b2b\\\/prinas-montan-mit-top-100-award-ausgezeichnet\\\/#breadcrumb\",\"itemListElement\":[{\"@type\":\"ListItem\",\"position\":1,\"name\":\"Startseite\",\"item\":\"https:\\\/\\\/www.prinas.de\\\/b2b\\\/\"},{\"@type\":\"ListItem\",\"position\":2,\"name\":\"PRINAS MONTAN mit TOP 100-Award ausgezeichnet\"}]},{\"@type\":\"WebSite\",\"@id\":\"https:\\\/\\\/www.prinas.de\\\/b2b\\\/#website\",\"url\":\"https:\\\/\\\/www.prinas.de\\\/b2b\\\/\",\"name\":\"Prinas Montan\",\"description\":\"Eine weitere WordPress-Website\",\"potentialAction\":[{\"@type\":\"SearchAction\",\"target\":{\"@type\":\"EntryPoint\",\"urlTemplate\":\"https:\\\/\\\/www.prinas.de\\\/b2b\\\/?s={search_term_string}\"},\"query-input\":{\"@type\":\"PropertyValueSpecification\",\"valueRequired\":true,\"valueName\":\"search_term_string\"}}],\"inLanguage\":\"de\"},{\"@type\":\"Person\",\"@id\":\"https:\\\/\\\/www.prinas.de\\\/b2b\\\/#\\\/schema\\\/person\\\/6f50afc3099075d627e92a817135c471\",\"name\":\"Susanne Langohr\",\"image\":{\"@type\":\"ImageObject\",\"inLanguage\":\"de\",\"@id\":\"https:\\\/\\\/secure.gravatar.com\\\/avatar\\\/d112507d1bce79ceb99ee6e47cf40d97dd3c60358e5a413435c22ec6a0370ee4?s=96&d=mm&r=g\",\"url\":\"https:\\\/\\\/secure.gravatar.com\\\/avatar\\\/d112507d1bce79ceb99ee6e47cf40d97dd3c60358e5a413435c22ec6a0370ee4?s=96&d=mm&r=g\",\"contentUrl\":\"https:\\\/\\\/secure.gravatar.com\\\/avatar\\\/d112507d1bce79ceb99ee6e47cf40d97dd3c60358e5a413435c22ec6a0370ee4?s=96&d=mm&r=g\",\"caption\":\"Susanne Langohr\"},\"url\":\"https:\\\/\\\/www.prinas.de\\\/b2b\\\/author\\\/susanne-langohr\\\/\"}]}<\/script>\n<!-- \/ Yoast SEO plugin. -->","yoast_head_json":{"title":"PRINAS MONTAN mit Top 100-Award ausgezeichnet","description":"Mittelst\u00e4ndler \u00fcberzeugt im Innovationswettbewerb \/ Mehr als 100 Pr\u00fcfkriterien evaluiert \/ Im Juni folgt Preisverleihung mit Ranga Yogeshwar","robots":{"index":"index","follow":"follow","max-snippet":"max-snippet:-1","max-image-preview":"max-image-preview:large","max-video-preview":"max-video-preview:-1"},"canonical":"https:\/\/www.prinas.de\/b2b\/prinas-montan-mit-top-100-award-ausgezeichnet\/","og_locale":"de_DE","og_type":"article","og_title":"PRINAS MONTAN mit Top 100-Award ausgezeichnet","og_description":"Mittelst\u00e4ndler \u00fcberzeugt im Innovationswettbewerb \/ Mehr als 100 Pr\u00fcfkriterien evaluiert \/ Im Juni folgt Preisverleihung mit Ranga Yogeshwar","og_url":"https:\/\/www.prinas.de\/b2b\/prinas-montan-mit-top-100-award-ausgezeichnet\/","og_site_name":"Prinas Montan","article_published_time":"2025-08-12T10:45:32+00:00","article_modified_time":"2025-08-12T10:55:42+00:00","og_image":[{"width":2560,"height":1708,"url":"https:\/\/www.prinas.de\/b2b\/wp-content\/uploads\/presse_adeolu-eletu-E7RLgUjjazc-unsplash-scaled-1.jpg","type":"image\/jpeg"}],"author":"Susanne Langohr","twitter_card":"summary_large_image","twitter_misc":{"Verfasst von":"Susanne Langohr","Gesch\u00e4tzte Lesezeit":"5\u00a0Minuten"},"schema":{"@context":"https:\/\/schema.org","@graph":[{"@type":"Article","@id":"https:\/\/www.prinas.de\/b2b\/prinas-montan-mit-top-100-award-ausgezeichnet\/#article","isPartOf":{"@id":"https:\/\/www.prinas.de\/b2b\/prinas-montan-mit-top-100-award-ausgezeichnet\/"},"author":{"name":"Susanne Langohr","@id":"https:\/\/www.prinas.de\/b2b\/#\/schema\/person\/6f50afc3099075d627e92a817135c471"},"headline":"PRINAS MONTAN mit TOP 100-Award ausgezeichnet","datePublished":"2025-08-12T10:45:32+00:00","dateModified":"2025-08-12T10:55:42+00:00","mainEntityOfPage":{"@id":"https:\/\/www.prinas.de\/b2b\/prinas-montan-mit-top-100-award-ausgezeichnet\/"},"wordCount":927,"commentCount":0,"image":{"@id":"https:\/\/www.prinas.de\/b2b\/prinas-montan-mit-top-100-award-ausgezeichnet\/#primaryimage"},"thumbnailUrl":"https:\/\/www.prinas.de\/b2b\/wp-content\/uploads\/presse_adeolu-eletu-E7RLgUjjazc-unsplash-scaled-1.jpg","articleSection":["Pressemitteilungen"],"inLanguage":"de","potentialAction":[{"@type":"CommentAction","name":"Comment","target":["https:\/\/www.prinas.de\/b2b\/prinas-montan-mit-top-100-award-ausgezeichnet\/#respond"]}]},{"@type":"WebPage","@id":"https:\/\/www.prinas.de\/b2b\/prinas-montan-mit-top-100-award-ausgezeichnet\/","url":"https:\/\/www.prinas.de\/b2b\/prinas-montan-mit-top-100-award-ausgezeichnet\/","name":"PRINAS MONTAN mit Top 100-Award ausgezeichnet","isPartOf":{"@id":"https:\/\/www.prinas.de\/b2b\/#website"},"primaryImageOfPage":{"@id":"https:\/\/www.prinas.de\/b2b\/prinas-montan-mit-top-100-award-ausgezeichnet\/#primaryimage"},"image":{"@id":"https:\/\/www.prinas.de\/b2b\/prinas-montan-mit-top-100-award-ausgezeichnet\/#primaryimage"},"thumbnailUrl":"https:\/\/www.prinas.de\/b2b\/wp-content\/uploads\/presse_adeolu-eletu-E7RLgUjjazc-unsplash-scaled-1.jpg","datePublished":"2025-08-12T10:45:32+00:00","dateModified":"2025-08-12T10:55:42+00:00","author":{"@id":"https:\/\/www.prinas.de\/b2b\/#\/schema\/person\/6f50afc3099075d627e92a817135c471"},"description":"Mittelst\u00e4ndler \u00fcberzeugt im Innovationswettbewerb \/ Mehr als 100 Pr\u00fcfkriterien evaluiert \/ Im Juni folgt Preisverleihung mit Ranga Yogeshwar","breadcrumb":{"@id":"https:\/\/www.prinas.de\/b2b\/prinas-montan-mit-top-100-award-ausgezeichnet\/#breadcrumb"},"inLanguage":"de","potentialAction":[{"@type":"ReadAction","target":["https:\/\/www.prinas.de\/b2b\/prinas-montan-mit-top-100-award-ausgezeichnet\/"]}]},{"@type":"ImageObject","inLanguage":"de","@id":"https:\/\/www.prinas.de\/b2b\/prinas-montan-mit-top-100-award-ausgezeichnet\/#primaryimage","url":"https:\/\/www.prinas.de\/b2b\/wp-content\/uploads\/presse_adeolu-eletu-E7RLgUjjazc-unsplash-scaled-1.jpg","contentUrl":"https:\/\/www.prinas.de\/b2b\/wp-content\/uploads\/presse_adeolu-eletu-E7RLgUjjazc-unsplash-scaled-1.jpg","width":2560,"height":1708},{"@type":"BreadcrumbList","@id":"https:\/\/www.prinas.de\/b2b\/prinas-montan-mit-top-100-award-ausgezeichnet\/#breadcrumb","itemListElement":[{"@type":"ListItem","position":1,"name":"Startseite","item":"https:\/\/www.prinas.de\/b2b\/"},{"@type":"ListItem","position":2,"name":"PRINAS MONTAN mit TOP 100-Award ausgezeichnet"}]},{"@type":"WebSite","@id":"https:\/\/www.prinas.de\/b2b\/#website","url":"https:\/\/www.prinas.de\/b2b\/","name":"Prinas Montan","description":"Eine weitere WordPress-Website","potentialAction":[{"@type":"SearchAction","target":{"@type":"EntryPoint","urlTemplate":"https:\/\/www.prinas.de\/b2b\/?s={search_term_string}"},"query-input":{"@type":"PropertyValueSpecification","valueRequired":true,"valueName":"search_term_string"}}],"inLanguage":"de"},{"@type":"Person","@id":"https:\/\/www.prinas.de\/b2b\/#\/schema\/person\/6f50afc3099075d627e92a817135c471","name":"Susanne Langohr","image":{"@type":"ImageObject","inLanguage":"de","@id":"https:\/\/secure.gravatar.com\/avatar\/d112507d1bce79ceb99ee6e47cf40d97dd3c60358e5a413435c22ec6a0370ee4?s=96&d=mm&r=g","url":"https:\/\/secure.gravatar.com\/avatar\/d112507d1bce79ceb99ee6e47cf40d97dd3c60358e5a413435c22ec6a0370ee4?s=96&d=mm&r=g","contentUrl":"https:\/\/secure.gravatar.com\/avatar\/d112507d1bce79ceb99ee6e47cf40d97dd3c60358e5a413435c22ec6a0370ee4?s=96&d=mm&r=g","caption":"Susanne Langohr"},"url":"https:\/\/www.prinas.de\/b2b\/author\/susanne-langohr\/"}]}},"_links":{"self":[{"href":"https:\/\/www.prinas.de\/b2b\/wp-json\/wp\/v2\/posts\/6728","targetHints":{"allow":["GET"]}}],"collection":[{"href":"https:\/\/www.prinas.de\/b2b\/wp-json\/wp\/v2\/posts"}],"about":[{"href":"https:\/\/www.prinas.de\/b2b\/wp-json\/wp\/v2\/types\/post"}],"author":[{"embeddable":true,"href":"https:\/\/www.prinas.de\/b2b\/wp-json\/wp\/v2\/users\/4"}],"replies":[{"embeddable":true,"href":"https:\/\/www.prinas.de\/b2b\/wp-json\/wp\/v2\/comments?post=6728"}],"version-history":[{"count":6,"href":"https:\/\/www.prinas.de\/b2b\/wp-json\/wp\/v2\/posts\/6728\/revisions"}],"predecessor-version":[{"id":8320,"href":"https:\/\/www.prinas.de\/b2b\/wp-json\/wp\/v2\/posts\/6728\/revisions\/8320"}],"wp:featuredmedia":[{"embeddable":true,"href":"https:\/\/www.prinas.de\/b2b\/wp-json\/wp\/v2\/media\/8309"}],"wp:attachment":[{"href":"https:\/\/www.prinas.de\/b2b\/wp-json\/wp\/v2\/media?parent=6728"}],"wp:term":[{"taxonomy":"category","embeddable":true,"href":"https:\/\/www.prinas.de\/b2b\/wp-json\/wp\/v2\/categories?post=6728"},{"taxonomy":"post_tag","embeddable":true,"href":"https:\/\/www.prinas.de\/b2b\/wp-json\/wp\/v2\/tags?post=6728"}],"curies":[{"name":"wp","href":"https:\/\/api.w.org\/{rel}","templated":true}]}}